{"id":942,"date":"2026-03-12T10:52:42","date_gmt":"2026-03-12T08:52:42","guid":{"rendered":"https:\/\/www.printrovertti.fi\/?p=942"},"modified":"2026-03-12T11:24:21","modified_gmt":"2026-03-12T09:24:21","slug":"maailman-itsekkain-ammatti","status":"publish","type":"post","link":"https:\/\/www.printrovertti.fi\/index.php\/2026\/03\/12\/maailman-itsekkain-ammatti\/","title":{"rendered":"Maailman itsekk\u00e4in ammatti"},"content":{"rendered":"\n<div style=\"height:48px\" aria-hidden=\"true\" class=\"wp-block-spacer\"><\/div>\n\n\n\n<p>Virhe.<\/p>\n\n\n\n<p>Taiteilija <a href=\"https:\/\/www.helmiremes.com\/\">Helmi Remes<\/a> katsoo lasista valmistamaansa ty\u00f6t\u00e4 \u2013 mit\u00e4 tahansa valmistamaansa esinett\u00e4 \u2013 ja n\u00e4kee virheen.<\/p>\n\n\n\n<p>H\u00e4n on taiteilija Remes, mutta minulle yst\u00e4v\u00e4ni Helmi, jota haastattelin t\u00e4t\u00e4 kirjoitusta varten. Kutsun h\u00e4nt\u00e4 t\u00e4ss\u00e4 tekstiss\u00e4 nimell\u00e4 Helmi. Helmi on muotoilija ja taiteilija, visuaalinen ja luova ihminen. Min\u00e4 olen kirjoittaja. Meit\u00e4 yhdist\u00e4\u00e4 pakonomainen tarve ilmaista itse\u00e4mme luovan ty\u00f6n kautta. Helmi tekee sen lasin avulla, min\u00e4 esimerkiksi kirjoittamalla t\u00e4m\u00e4nkaltaisia esseit\u00e4.<\/p>\n\n\n\n<p>Helmi on perfektionisti. Ja se on huono yhdistelm\u00e4 lasin kanssa. Lasi on kiukutteleva teini, joka ei halua totella k\u00e4skij\u00e4ns\u00e4 komentoja. Aivan kuin sill\u00e4 olisi oma tahto. Tekij\u00e4 tavoittelee t\u00e4ydellisyytt\u00e4, materiaali karttaa sit\u00e4.<\/p>\n\n\n\n<p>\u201dLasi on \u00e4lyt\u00f6n materiaali. Se on \u00e4rsytt\u00e4v\u00e4 materiaali. Se on t\u00e4ynn\u00e4 ristiriitoja, se on kuumaa ja se on kylm\u00e4\u00e4 ja se on s\u00e4rkyv\u00e4\u00e4. Se on vaikea materiaali hallita, mutta kun siin\u00e4 onnistuu, se on maailman siistein asia\u201d, Helmi sanoo.<\/p>\n\n\n\n<p>My\u00f6s tekstit ja sanat kiukuttelevat. Muokkaan, vaihdan sanaj\u00e4rjestyst\u00e4, kokeilen erilaisia sanoja ja rakenteita. Taistelen, kunnes teksti alkaa soljua. Rytmi l\u00f6ytyy ja ajatus v\u00e4littyy kirkkaana. Kun siin\u00e4 onnistuu, se on maailman siistein asia! Aina siihen asti, kun huomaa jo julkaistussa tekstiss\u00e4 virheen.<\/p>\n\n\n\n<hr class=\"wp-block-separator has-alpha-channel-opacity is-style-dots\"\/>\n\n\n\n<p>Maailma hukkuu tavaraan. Helmin ala, lasitaide, on materiaalil\u00e4ht\u00f6ist\u00e4 taidetta. Valmistus vaatii energiaa ja arvokasta raaka-ainetta, josta osa p\u00e4\u00e4tyy v\u00e4ist\u00e4m\u00e4tt\u00e4 j\u00e4tteeksi. Ammattitaito syntyy toistojen ja harjoittelun kautta, mik\u00e4 tarkoittaa my\u00f6s kokeiluja ja ep\u00e4onnistumisia. Lasinvalmistuksessa ep\u00e4onnistunut esine tarkoittaa yleens\u00e4 j\u00e4tett\u00e4.<\/p>\n\n\n\n<p>Juomalasi, maljakko tai valaisin voi palvella k\u00e4ytt\u00f6tarkoituksessaan riippumatta siit\u00e4, kuinka esteettinen se on. Funktio ja estetiikka eiv\u00e4t sulje toisiaan pois, mutta funktio ei v\u00e4ltt\u00e4m\u00e4tt\u00e4 vaadi estetiikkaa seurakseen. Mik\u00e4 merkitys on taidelasilla, joka on taiteilijan itseilmaisun ja sis\u00e4isen maailman ilmentym\u00e4, ilman varsinaista funktiota? Maailman itsekk\u00e4in ammatti on tuottaa maailmaan lis\u00e4\u00e4 materiaa, joka on ammatinharjoittajan alitajunnan ja mielenmaiseman ulkoinen ilmaisu ilman k\u00e4ytt\u00f6tarkoitusta.<\/p>\n\n\n\n<p>Ent\u00e4 kirjoittaminen? My\u00f6s tekstill\u00e4 voi olla funktio, mutta ent\u00e4 runo, romaani tai pohdiskeleva essee. Onko kirjoittajan itseilmaisu v\u00e4hemm\u00e4n itsek\u00e4st\u00e4 kuin lasitaiteilijan ty\u00f6, jos kirjoittamisesta ei synny fyysist\u00e4 tuotetta?<\/p>\n\n\n\n<p>Maailma hukkuu tavaraan, mutta maailma hukkuu my\u00f6s kirjoitettuun tekstiin. Tekstim\u00e4\u00e4r\u00e4 kasvaa enn\u00e4tysvauhtia teko\u00e4lyn takia. Suurin osa kirjoituksista ei muuta maailmaa. Suurimmalla osalla teksteist\u00e4 ei ole suurta yleis\u00f6\u00e4. Suuri osa ihmisen kirjoittamasta on kohinaa, jolla on merkitys kirjoittajalle itselleen ja ehk\u00e4 hyvin pienelle joukolle h\u00e4nen ymp\u00e4rill\u00e4\u00e4n. Ja jos teksti saakin ison yleis\u00f6n \u2013 jos se suorastaan pyrkii siihen \u2013 se vasta itsek\u00e4st\u00e4 onkin.<\/p>\n\n\n\n<hr class=\"wp-block-separator has-alpha-channel-opacity is-style-dots\"\/>\n\n\n\n<p>Ammattilaiselle luovuus ei ole pelk\u00e4st\u00e4\u00e4n vapautta. H\u00e4n on vastuussa luovuudestaan my\u00f6s ulosp\u00e4in. Sis\u00e4isen maailman n\u00e4kyv\u00e4ksi tekeminen ei ole ainoastaan sis\u00e4inen pakko, vaan se on v\u00e4ltt\u00e4m\u00e4tt\u00f6myys ja luovan ammatin edellytys. Ehk\u00e4 yhteys ulkopuolisiin tuo ty\u00f6lle arvon ja oikeutuksen.<\/p>\n\n\n\n<p>\u201dParhaat hetket ovat niit\u00e4, kun n\u00e4yttelyvieraat tai asiakkaat kertovat, miten joku teos on koskettanut tai liikuttanut. Silloin ajattelen, ett\u00e4 ehk\u00e4 t\u00e4ss\u00e4 on sittenkin jotain j\u00e4rke\u00e4\u201d, Helmi sanoo.<\/p>\n\n\n\n<p>Lasiesine, jolla ei ole k\u00e4ytt\u00e4j\u00e4\u00e4 tai katsojaa. Kirjoitus, joka j\u00e4\u00e4 p\u00f6yt\u00e4laatikkoon. Kuinka monta k\u00e4ytt\u00e4j\u00e4\u00e4 tai katsojaa ne tarvitsevat, jotta niill\u00e4 on arvo ja oikeutus muillekin kuin tekij\u00f6illeen? Kuinka monta k\u00e4ytt\u00e4j\u00e4\u00e4 tai katsojaa on liikaa, jotta niist\u00e4 ei tule tekij\u00f6idens\u00e4 egojen p\u00f6nkitt\u00e4ji\u00e4.<\/p>\n\n\n\n<hr class=\"wp-block-separator has-alpha-channel-opacity is-style-dots\"\/>\n\n\n\n<p>Taiteilijuus on tarvinnut ja saanut perusteluja kautta aikojen. Nyt se tarvitsee niit\u00e4 j\u00e4lleen. Teko\u00e4ly voi s\u00e4velt\u00e4\u00e4 musiikkia, luoda kuvia ja se voi kirjoittaa. Se voi suunnitella lasiesineen, jonka koneet valmistavat. Teko\u00e4lyn kielimalli voisi kirjoittaa t\u00e4m\u00e4n esseen, ja se tekisi sen paremmin ja nopeammin kuin min\u00e4.<\/p>\n\n\n\n<p>Mihin minua tarvitaan? Mihin tarvitaan lasitaiteilijaa? Ehk\u00e4 ammattilaisen rooli on tulevaisuudessa antaa k\u00e4skyt koneille ja tarkkailla niiden ty\u00f6n laatua. Ehk\u00e4 t\u00e4m\u00e4 on v\u00e4ist\u00e4m\u00e4t\u00f6n seuraava kehitysaskel, jota vastaan luovan alan ammattilaiset yritt\u00e4v\u00e4t turhaan pyristell\u00e4. Muutos on osa my\u00f6s kulttuurin evoluutiota.<\/p>\n\n\n\n<p>Karkeasti py\u00f6rist\u00e4en: Lasinpuhallustaito keksittiin noin 2&nbsp;000 vuotta sitten ja kirjoitustaito noin 5&nbsp;000 vuotta sitten. Vaikka sek\u00e4 lasinpuhallustaidolla ett\u00e4 kirjoitustaidolla on pitk\u00e4 historia, se ei automaattisesti tarkoita, ett\u00e4 niill\u00e4 pit\u00e4isi olla pitk\u00e4 tulevaisuus. Kaikki inhimillisen kulttuurin ilmentym\u00e4t voidaan lopulta n\u00e4hd\u00e4 sosiaalisina konstruktioina ja sopimuksina, jotka kehittyv\u00e4t ja el\u00e4v\u00e4t tietyss\u00e4 paikassa tiettyn\u00e4 aikana. Ihmislajin historiassa lasinpuhallustaito ja kirjoitustaito ovat yksi lyhyt silm\u00e4nr\u00e4p\u00e4ys.<\/p>\n\n\n\n<p>Itseilmaisun tarve on universaalimpi ja pysyv\u00e4mpi asia kuin tietty itseilmaisun tapa. Ehk\u00e4 toisessa ajassa ja paikassa my\u00f6s Helmi ja min\u00e4 kanavoisimme luovan pakkomme johonkin t\u00e4ysin toisenlaiseen. Johonkin hy\u00f6dyllisemp\u00e4\u00e4n, tuottavampaan ja perustellumpaan. Ehk\u00e4 t\u00e4ss\u00e4 ajassa ja paikassa olemme reliikkej\u00e4, jotka eiv\u00e4t suostu hyv\u00e4ksym\u00e4\u00e4n v\u00e4ist\u00e4m\u00e4t\u00f6nt\u00e4 teko\u00e4lyn aikakautta, joka kohtaa my\u00f6s meid\u00e4n alojamme.<\/p>\n\n\n\n<hr class=\"wp-block-separator has-alpha-channel-opacity is-style-dots\"\/>\n\n\n\n<p>Helmi pyrkii valmistamaan t\u00e4ydellisen, virheett\u00f6m\u00e4n lasiesineen. Min\u00e4 haaveilen t\u00e4ydellisest\u00e4 tekstist\u00e4. Molemmat tied\u00e4mme, ett\u00e4 ne ovat mahdottomuuksia.<\/p>\n\n\n\n<p>Ehk\u00e4 virhe tekee teoksesta inhimillisen, tunnistettavan ja samaistuttavan: T\u00e4m\u00e4n on tehnyt joku kaltaiseni olento, jolla on joko samanlaisia tai erilaisia kokemuksia maailmasta kuin minulla. Ehk\u00e4 luova ammatti, joka perustuu itseilmaisuun ja oman sis\u00e4isen maailman n\u00e4kyv\u00e4ksi tekemiseen, on maailman itsekk\u00e4in ammatti, mutta my\u00f6s palvelus vastaanottajille. Kokijana haluan n\u00e4hd\u00e4 taidetta, joka ilmaisee jotain, jota en itse osaa ilmaista. Haluan kokea syk\u00e4hdyksi\u00e4. N\u00e4hd\u00e4, lukea tai kuulla jotain, joka pakottaa pys\u00e4htym\u00e4\u00e4n, ajattelemaan, oivaltamaan ja tuntemaan.<\/p>\n\n\n\n<p>Ajattelenko minua puhuttelevan teoksen \u00e4\u00e4rell\u00e4 teoksen tekij\u00e4n itsekkyytt\u00e4? En ajattele. Kiit\u00e4n, ett\u00e4 h\u00e4n on tuonut n\u00e4kyv\u00e4ksi asian, joka her\u00e4tt\u00e4\u00e4 minussa jotain.<\/p>\n\n\n\n<p>Luova ty\u00f6 alkaa tekij\u00e4n omasta kokemus- ja ajatusmaailmasta. Kun valmis teos tuodaan n\u00e4kyville, se muuttuu yksityisest\u00e4 julkiseksi. Parhaassa tapauksessa omakohtainen muuttuu kollektiiviseksi. Teoksen vastaanottaja kokee, ett\u00e4 se kuvaa jotain h\u00e4nen omasta kokemusmaailmastaan. Siksi se puhuttelee ja koskettaa. Ei siksi, ett\u00e4 kokija ymm\u00e4rt\u00e4\u00e4 jotain tekij\u00e4n ajatuksista, vaan koska h\u00e4n ymm\u00e4rt\u00e4\u00e4 ja tunnistaa jotain itsest\u00e4\u00e4n. Ehk\u00e4 itsek\u00e4st\u00e4 ei ole luova ammatti sin\u00e4ns\u00e4, vaan ammattilaisen kuvitelma sen itsekkyydest\u00e4. Tekij\u00e4 luovuttaa itsekk\u00e4ist\u00e4 l\u00e4ht\u00f6kohdista alkunsa saaneen teoksen maailmalle, ja kokija vastaanottaa sen omista, niin ik\u00e4\u00e4n itsekk\u00e4ist\u00e4 syist\u00e4\u00e4n.<\/p>\n\n\n\n<hr class=\"wp-block-separator has-alpha-channel-opacity is-style-dots\"\/>\n\n\n\n<p>Ehk\u00e4 kysymys ei ole joko\u2013tai, vaan sek\u00e4\u2013ett\u00e4. Teko\u00e4lyll\u00e4, automaatiolla ja koneilla voi olla oma roolinsa. Teko\u00e4lyn tarjoama alkuhuuma alkaa jo k\u00e4\u00e4nty\u00e4 kyll\u00e4stymiseksi. Olemme palaamassa inhimillisen \u00e4\u00e4relle. Teko\u00e4ly voi parhaimmillaan vapauttaa aikaamme rutiinit\u00f6ilt\u00e4 itseilmaisulle ja luovuudelle, jos p\u00e4\u00e4t\u00e4mme sen siihen tarkoitukseen valjastaa. Teko\u00e4lyn aikakausi voi olla my\u00f6s ihmisyyden aikakausi.<\/p>\n\n\n\n<p>Ehk\u00e4 voimme my\u00f6nt\u00e4\u00e4, ett\u00e4 lasinvalmistus tai kirjoittaminen eiv\u00e4t ole ikuisia. Ne voivat silti olla kulttuurin ilmentymi\u00e4, joita kannattaa puolustaa nyt ja t\u00e4ss\u00e4. Me olemme osa n\u00e4iden perinteiden jatkumoa. Tuotamme materiaa ja teksti\u00e4 maailmaan, joka jo hukkuu niihin, mutta voimme tehd\u00e4 sen harkitusti ja vastuullisesti \u2013 vastareaktiona kertak\u00e4ytt\u00f6iselle rojulle tai geneeriselle kielimallien h\u00f6lynp\u00f6lylle.<\/p>\n\n\n\n<p>Onko lasinvalmistusta tai kirjoitustaitoa olemassa sadan tai tuhannen tai viidentuhannen vuoden kuluttua? Muistaako kukaan Helmin teoksia tai minun kirjoituksiani kahdensadan tai kahdentuhannen vuoden kuluttua? Ehk\u00e4 ei, mutta emme takuulla j\u00e4\u00e4 historiaan sukupolvena tai yksil\u00f6in\u00e4, jotka katkaisivat n\u00e4m\u00e4 traditiot!<\/p>\n\n\n\n<p>Helmi kuvailee lasinvalmistusta taisteluksi. Haastava materiaali kamppailee vastaan ja yritt\u00e4\u00e4 nujertaa. Kuinka monet kerrat olenkaan kironnut kirjoittamisen. P\u00e4\u00e4tt\u00e4nyt lopettaa, halunnut heitt\u00e4\u00e4 l\u00e4pp\u00e4rin katukiveykseen ja ryhty\u00e4 tekem\u00e4\u00e4n jotain, mit\u00e4 tahansa muuta. Kuvitellut, ett\u00e4 mik\u00e4 tahansa muu olisi v\u00e4hemm\u00e4n tuskallista. Mit\u00e4 tahansa yrit\u00e4nkin, palaan aina kirjoittamaan. Ja Helmi palaa lasin \u00e4\u00e4relle. Luova ty\u00f6 on samaan aikaan jatkuvaa kriisi\u00e4 ja onnellisuutta. Se on pakkoa ja se on vapautta.<\/p>\n\n\n\n<hr class=\"wp-block-separator has-alpha-channel-opacity is-style-dots\"\/>\n\n\n\n<p>Virhe.<\/p>\n\n\n\n<p>\u201dRikkonaisia ja vajavaisia, sellaisia me kaikki olemme jollain tasolla. Se saa n\u00e4ky\u00e4. Sit\u00e4 ei tarvitse peitell\u00e4. Ehk\u00e4 se onkin koko jutun ydin: vajavaisuus on aina l\u00e4sn\u00e4.\u201d<\/p>\n\n\n\n<div style=\"height:70px\" aria-hidden=\"true\" class=\"wp-block-spacer\"><\/div>\n\n\n\n<p><em>Tutustu Helmiin ja h\u00e4nen t\u00f6ihins\u00e4 <a href=\"https:\/\/www.helmiremes.com\/\">t\u00e4\u00e4ll\u00e4<\/a> tai somessa @helmiremes.<\/em><\/p>\n\n\n\n<div style=\"height:116px\" aria-hidden=\"true\" class=\"wp-block-spacer\"><\/div>\n","protected":false},"excerpt":{"rendered":"<p>Virhe. Taiteilija Helmi Remes katsoo lasista valmistamaansa ty\u00f6t\u00e4 \u2013 mit\u00e4 tahansa valmistamaansa esinett\u00e4 \u2013 ja n\u00e4kee virheen. H\u00e4n on taiteilija Remes, mutta minulle yst\u00e4v\u00e4ni Helmi, jota haastattelin t\u00e4t\u00e4 kirjoitusta varten. Kutsun h\u00e4nt\u00e4 t\u00e4ss\u00e4 tekstiss\u00e4 nimell\u00e4&#8230;<\/p>\n","protected":false},"author":1,"featured_media":0,"comment_status":"open","ping_status":"open","sticky":false,"template":"","format":"standard","meta":{"_kadence_starter_templates_imported_post":false,"_kad_post_transparent":"","_kad_post_title":"","_kad_post_layout":"","_kad_post_sidebar_id":"","_kad_post_content_style":"","_kad_post_vertical_padding":"","_kad_post_feature":"","_kad_post_feature_position":"","_kad_post_header":false,"_kad_post_footer":false,"_kad_post_classname":"","iawp_total_views":11,"footnotes":""},"categories":[39],"tags":[],"class_list":["post-942","post","type-post","status-publish","format-standard","hentry","category-essee"],"yoast_head":"<!-- This site is optimized with the Yoast SEO plugin v27.4 - https:\/\/yoast.com\/product\/yoast-seo-wordpress\/ -->\n<title>Maailman itsekk\u00e4in ammatti - Printrovertti<\/title>\n<meta name=\"description\" content=\"Mihin tarvitaan taiteilijaa tai kirjoittajaa? Essee luovan ty\u00f6n oikeutuksesta. Haastattelussa taiteilija ja muotoilija Helmi Remes.\" \/>\n<meta name=\"robots\" content=\"index, follow, max-snippet:-1, max-image-preview:large, max-video-preview:-1\" \/>\n<link rel=\"canonical\" href=\"https:\/\/www.printrovertti.fi\/index.php\/2026\/03\/12\/maailman-itsekkain-ammatti\/\" \/>\n<meta property=\"og:locale\" content=\"fi_FI\" \/>\n<meta property=\"og:type\" content=\"article\" \/>\n<meta property=\"og:title\" content=\"Maailman itsekk\u00e4in ammatti - Printrovertti\" \/>\n<meta property=\"og:description\" content=\"Mihin tarvitaan taiteilijaa tai kirjoittajaa? Essee luovan ty\u00f6n oikeutuksesta. Haastattelussa taiteilija ja muotoilija Helmi Remes.\" \/>\n<meta property=\"og:url\" content=\"https:\/\/www.printrovertti.fi\/index.php\/2026\/03\/12\/maailman-itsekkain-ammatti\/\" \/>\n<meta property=\"og:site_name\" content=\"Printrovertti\" \/>\n<meta property=\"article:published_time\" content=\"2026-03-12T08:52:42+00:00\" \/>\n<meta property=\"article:modified_time\" content=\"2026-03-12T09:24:21+00:00\" \/>\n<meta name=\"author\" content=\"Hanna\" \/>\n<meta name=\"twitter:card\" content=\"summary_large_image\" \/>\n<meta name=\"twitter:label1\" content=\"Kirjoittanut\" \/>\n\t<meta name=\"twitter:data1\" content=\"Hanna\" \/>\n\t<meta name=\"twitter:label2\" content=\"Arvioitu lukuaika\" \/>\n\t<meta name=\"twitter:data2\" content=\"7 minuuttia\" \/>\n<script type=\"application\/ld+json\" class=\"yoast-schema-graph\">{\"@context\":\"https:\\\/\\\/schema.org\",\"@graph\":[{\"@type\":\"Article\",\"@id\":\"https:\\\/\\\/www.printrovertti.fi\\\/index.php\\\/2026\\\/03\\\/12\\\/maailman-itsekkain-ammatti\\\/#article\",\"isPartOf\":{\"@id\":\"https:\\\/\\\/www.printrovertti.fi\\\/index.php\\\/2026\\\/03\\\/12\\\/maailman-itsekkain-ammatti\\\/\"},\"author\":{\"name\":\"Hanna\",\"@id\":\"https:\\\/\\\/www.printrovertti.fi\\\/#\\\/schema\\\/person\\\/9ad2fac913d4ca7c26ca648d8451282d\"},\"headline\":\"Maailman itsekk\u00e4in ammatti\",\"datePublished\":\"2026-03-12T08:52:42+00:00\",\"dateModified\":\"2026-03-12T09:24:21+00:00\",\"mainEntityOfPage\":{\"@id\":\"https:\\\/\\\/www.printrovertti.fi\\\/index.php\\\/2026\\\/03\\\/12\\\/maailman-itsekkain-ammatti\\\/\"},\"wordCount\":1297,\"commentCount\":0,\"publisher\":{\"@id\":\"https:\\\/\\\/www.printrovertti.fi\\\/#organization\"},\"articleSection\":[\"Essee\"],\"inLanguage\":\"fi\",\"potentialAction\":[{\"@type\":\"CommentAction\",\"name\":\"Comment\",\"target\":[\"https:\\\/\\\/www.printrovertti.fi\\\/index.php\\\/2026\\\/03\\\/12\\\/maailman-itsekkain-ammatti\\\/#respond\"]}]},{\"@type\":\"WebPage\",\"@id\":\"https:\\\/\\\/www.printrovertti.fi\\\/index.php\\\/2026\\\/03\\\/12\\\/maailman-itsekkain-ammatti\\\/\",\"url\":\"https:\\\/\\\/www.printrovertti.fi\\\/index.php\\\/2026\\\/03\\\/12\\\/maailman-itsekkain-ammatti\\\/\",\"name\":\"Maailman itsekk\u00e4in ammatti - Printrovertti\",\"isPartOf\":{\"@id\":\"https:\\\/\\\/www.printrovertti.fi\\\/#website\"},\"datePublished\":\"2026-03-12T08:52:42+00:00\",\"dateModified\":\"2026-03-12T09:24:21+00:00\",\"description\":\"Mihin tarvitaan taiteilijaa tai kirjoittajaa? Essee luovan ty\u00f6n oikeutuksesta. Haastattelussa taiteilija ja muotoilija Helmi Remes.\",\"breadcrumb\":{\"@id\":\"https:\\\/\\\/www.printrovertti.fi\\\/index.php\\\/2026\\\/03\\\/12\\\/maailman-itsekkain-ammatti\\\/#breadcrumb\"},\"inLanguage\":\"fi\",\"potentialAction\":[{\"@type\":\"ReadAction\",\"target\":[\"https:\\\/\\\/www.printrovertti.fi\\\/index.php\\\/2026\\\/03\\\/12\\\/maailman-itsekkain-ammatti\\\/\"]}]},{\"@type\":\"BreadcrumbList\",\"@id\":\"https:\\\/\\\/www.printrovertti.fi\\\/index.php\\\/2026\\\/03\\\/12\\\/maailman-itsekkain-ammatti\\\/#breadcrumb\",\"itemListElement\":[{\"@type\":\"ListItem\",\"position\":1,\"name\":\"Etusivu\",\"item\":\"https:\\\/\\\/www.printrovertti.fi\\\/\"},{\"@type\":\"ListItem\",\"position\":2,\"name\":\"Maailman itsekk\u00e4in ammatti\"}]},{\"@type\":\"WebSite\",\"@id\":\"https:\\\/\\\/www.printrovertti.fi\\\/#website\",\"url\":\"https:\\\/\\\/www.printrovertti.fi\\\/\",\"name\":\"Printrovertti\",\"description\":\"Kirjoittajan kotisivu ja julkaisualusta\",\"publisher\":{\"@id\":\"https:\\\/\\\/www.printrovertti.fi\\\/#organization\"},\"potentialAction\":[{\"@type\":\"SearchAction\",\"target\":{\"@type\":\"EntryPoint\",\"urlTemplate\":\"https:\\\/\\\/www.printrovertti.fi\\\/?s={search_term_string}\"},\"query-input\":{\"@type\":\"PropertyValueSpecification\",\"valueRequired\":true,\"valueName\":\"search_term_string\"}}],\"inLanguage\":\"fi\"},{\"@type\":\"Organization\",\"@id\":\"https:\\\/\\\/www.printrovertti.fi\\\/#organization\",\"name\":\"Printrovertti\",\"url\":\"https:\\\/\\\/www.printrovertti.fi\\\/\",\"logo\":{\"@type\":\"ImageObject\",\"inLanguage\":\"fi\",\"@id\":\"https:\\\/\\\/www.printrovertti.fi\\\/#\\\/schema\\\/logo\\\/image\\\/\",\"url\":\"https:\\\/\\\/www.printrovertti.fi\\\/wp-content\\\/uploads\\\/2026\\\/02\\\/cropped-print.png\",\"contentUrl\":\"https:\\\/\\\/www.printrovertti.fi\\\/wp-content\\\/uploads\\\/2026\\\/02\\\/cropped-print.png\",\"width\":1998,\"height\":799,\"caption\":\"Printrovertti\"},\"image\":{\"@id\":\"https:\\\/\\\/www.printrovertti.fi\\\/#\\\/schema\\\/logo\\\/image\\\/\"}},{\"@type\":\"Person\",\"@id\":\"https:\\\/\\\/www.printrovertti.fi\\\/#\\\/schema\\\/person\\\/9ad2fac913d4ca7c26ca648d8451282d\",\"name\":\"Hanna\",\"image\":{\"@type\":\"ImageObject\",\"inLanguage\":\"fi\",\"@id\":\"https:\\\/\\\/secure.gravatar.com\\\/avatar\\\/c82ab85321b32414d7c2309cb65c9293c188906b134bf6ce09b38cff49c91dc1?s=96&d=mm&r=g\",\"url\":\"https:\\\/\\\/secure.gravatar.com\\\/avatar\\\/c82ab85321b32414d7c2309cb65c9293c188906b134bf6ce09b38cff49c91dc1?s=96&d=mm&r=g\",\"contentUrl\":\"https:\\\/\\\/secure.gravatar.com\\\/avatar\\\/c82ab85321b32414d7c2309cb65c9293c188906b134bf6ce09b38cff49c91dc1?s=96&d=mm&r=g\",\"caption\":\"Hanna\"},\"sameAs\":[\"http:\\\/\\\/www.printrovertti.fi\",\"https:\\\/\\\/www.linkedin.com\\\/in\\\/hanna-salmisto-0b14a524a\\\/\"],\"url\":\"https:\\\/\\\/www.printrovertti.fi\\\/index.php\\\/author\\\/admin\\\/\"}]}<\/script>\n<!-- \/ Yoast SEO plugin. -->","yoast_head_json":{"title":"Maailman itsekk\u00e4in ammatti - Printrovertti","description":"Mihin tarvitaan taiteilijaa tai kirjoittajaa? Essee luovan ty\u00f6n oikeutuksesta. Haastattelussa taiteilija ja muotoilija Helmi Remes.","robots":{"index":"index","follow":"follow","max-snippet":"max-snippet:-1","max-image-preview":"max-image-preview:large","max-video-preview":"max-video-preview:-1"},"canonical":"https:\/\/www.printrovertti.fi\/index.php\/2026\/03\/12\/maailman-itsekkain-ammatti\/","og_locale":"fi_FI","og_type":"article","og_title":"Maailman itsekk\u00e4in ammatti - Printrovertti","og_description":"Mihin tarvitaan taiteilijaa tai kirjoittajaa? Essee luovan ty\u00f6n oikeutuksesta. Haastattelussa taiteilija ja muotoilija Helmi Remes.","og_url":"https:\/\/www.printrovertti.fi\/index.php\/2026\/03\/12\/maailman-itsekkain-ammatti\/","og_site_name":"Printrovertti","article_published_time":"2026-03-12T08:52:42+00:00","article_modified_time":"2026-03-12T09:24:21+00:00","author":"Hanna","twitter_card":"summary_large_image","twitter_misc":{"Kirjoittanut":"Hanna","Arvioitu lukuaika":"7 minuuttia"},"schema":{"@context":"https:\/\/schema.org","@graph":[{"@type":"Article","@id":"https:\/\/www.printrovertti.fi\/index.php\/2026\/03\/12\/maailman-itsekkain-ammatti\/#article","isPartOf":{"@id":"https:\/\/www.printrovertti.fi\/index.php\/2026\/03\/12\/maailman-itsekkain-ammatti\/"},"author":{"name":"Hanna","@id":"https:\/\/www.printrovertti.fi\/#\/schema\/person\/9ad2fac913d4ca7c26ca648d8451282d"},"headline":"Maailman itsekk\u00e4in ammatti","datePublished":"2026-03-12T08:52:42+00:00","dateModified":"2026-03-12T09:24:21+00:00","mainEntityOfPage":{"@id":"https:\/\/www.printrovertti.fi\/index.php\/2026\/03\/12\/maailman-itsekkain-ammatti\/"},"wordCount":1297,"commentCount":0,"publisher":{"@id":"https:\/\/www.printrovertti.fi\/#organization"},"articleSection":["Essee"],"inLanguage":"fi","potentialAction":[{"@type":"CommentAction","name":"Comment","target":["https:\/\/www.printrovertti.fi\/index.php\/2026\/03\/12\/maailman-itsekkain-ammatti\/#respond"]}]},{"@type":"WebPage","@id":"https:\/\/www.printrovertti.fi\/index.php\/2026\/03\/12\/maailman-itsekkain-ammatti\/","url":"https:\/\/www.printrovertti.fi\/index.php\/2026\/03\/12\/maailman-itsekkain-ammatti\/","name":"Maailman itsekk\u00e4in ammatti - Printrovertti","isPartOf":{"@id":"https:\/\/www.printrovertti.fi\/#website"},"datePublished":"2026-03-12T08:52:42+00:00","dateModified":"2026-03-12T09:24:21+00:00","description":"Mihin tarvitaan taiteilijaa tai kirjoittajaa? Essee luovan ty\u00f6n oikeutuksesta. Haastattelussa taiteilija ja muotoilija Helmi Remes.","breadcrumb":{"@id":"https:\/\/www.printrovertti.fi\/index.php\/2026\/03\/12\/maailman-itsekkain-ammatti\/#breadcrumb"},"inLanguage":"fi","potentialAction":[{"@type":"ReadAction","target":["https:\/\/www.printrovertti.fi\/index.php\/2026\/03\/12\/maailman-itsekkain-ammatti\/"]}]},{"@type":"BreadcrumbList","@id":"https:\/\/www.printrovertti.fi\/index.php\/2026\/03\/12\/maailman-itsekkain-ammatti\/#breadcrumb","itemListElement":[{"@type":"ListItem","position":1,"name":"Etusivu","item":"https:\/\/www.printrovertti.fi\/"},{"@type":"ListItem","position":2,"name":"Maailman itsekk\u00e4in ammatti"}]},{"@type":"WebSite","@id":"https:\/\/www.printrovertti.fi\/#website","url":"https:\/\/www.printrovertti.fi\/","name":"Printrovertti","description":"Kirjoittajan kotisivu ja julkaisualusta","publisher":{"@id":"https:\/\/www.printrovertti.fi\/#organization"},"potentialAction":[{"@type":"SearchAction","target":{"@type":"EntryPoint","urlTemplate":"https:\/\/www.printrovertti.fi\/?s={search_term_string}"},"query-input":{"@type":"PropertyValueSpecification","valueRequired":true,"valueName":"search_term_string"}}],"inLanguage":"fi"},{"@type":"Organization","@id":"https:\/\/www.printrovertti.fi\/#organization","name":"Printrovertti","url":"https:\/\/www.printrovertti.fi\/","logo":{"@type":"ImageObject","inLanguage":"fi","@id":"https:\/\/www.printrovertti.fi\/#\/schema\/logo\/image\/","url":"https:\/\/www.printrovertti.fi\/wp-content\/uploads\/2026\/02\/cropped-print.png","contentUrl":"https:\/\/www.printrovertti.fi\/wp-content\/uploads\/2026\/02\/cropped-print.png","width":1998,"height":799,"caption":"Printrovertti"},"image":{"@id":"https:\/\/www.printrovertti.fi\/#\/schema\/logo\/image\/"}},{"@type":"Person","@id":"https:\/\/www.printrovertti.fi\/#\/schema\/person\/9ad2fac913d4ca7c26ca648d8451282d","name":"Hanna","image":{"@type":"ImageObject","inLanguage":"fi","@id":"https:\/\/secure.gravatar.com\/avatar\/c82ab85321b32414d7c2309cb65c9293c188906b134bf6ce09b38cff49c91dc1?s=96&d=mm&r=g","url":"https:\/\/secure.gravatar.com\/avatar\/c82ab85321b32414d7c2309cb65c9293c188906b134bf6ce09b38cff49c91dc1?s=96&d=mm&r=g","contentUrl":"https:\/\/secure.gravatar.com\/avatar\/c82ab85321b32414d7c2309cb65c9293c188906b134bf6ce09b38cff49c91dc1?s=96&d=mm&r=g","caption":"Hanna"},"sameAs":["http:\/\/www.printrovertti.fi","https:\/\/www.linkedin.com\/in\/hanna-salmisto-0b14a524a\/"],"url":"https:\/\/www.printrovertti.fi\/index.php\/author\/admin\/"}]}},"_links":{"self":[{"href":"https:\/\/www.printrovertti.fi\/index.php\/wp-json\/wp\/v2\/posts\/942","targetHints":{"allow":["GET"]}}],"collection":[{"href":"https:\/\/www.printrovertti.fi\/index.php\/wp-json\/wp\/v2\/posts"}],"about":[{"href":"https:\/\/www.printrovertti.fi\/index.php\/wp-json\/wp\/v2\/types\/post"}],"author":[{"embeddable":true,"href":"https:\/\/www.printrovertti.fi\/index.php\/wp-json\/wp\/v2\/users\/1"}],"replies":[{"embeddable":true,"href":"https:\/\/www.printrovertti.fi\/index.php\/wp-json\/wp\/v2\/comments?post=942"}],"version-history":[{"count":7,"href":"https:\/\/www.printrovertti.fi\/index.php\/wp-json\/wp\/v2\/posts\/942\/revisions"}],"predecessor-version":[{"id":949,"href":"https:\/\/www.printrovertti.fi\/index.php\/wp-json\/wp\/v2\/posts\/942\/revisions\/949"}],"wp:attachment":[{"href":"https:\/\/www.printrovertti.fi\/index.php\/wp-json\/wp\/v2\/media?parent=942"}],"wp:term":[{"taxonomy":"category","embeddable":true,"href":"https:\/\/www.printrovertti.fi\/index.php\/wp-json\/wp\/v2\/categories?post=942"},{"taxonomy":"post_tag","embeddable":true,"href":"https:\/\/www.printrovertti.fi\/index.php\/wp-json\/wp\/v2\/tags?post=942"}],"curies":[{"name":"wp","href":"https:\/\/api.w.org\/{rel}","templated":true}]}}